{"id":339,"date":"2008-10-16T15:49:25","date_gmt":"2008-10-16T13:49:25","guid":{"rendered":"http:\/\/sing-sing.org\/test_wordpress\/?p=339"},"modified":"2011-11-29T13:23:10","modified_gmt":"2011-11-29T12:23:10","slug":"concert-d%e2%80%99-r-wan-a-la-radio-sing-sing","status":"publish","type":"post","link":"https:\/\/www.sing-sing-bis.org\/wordpress\/?p=339","title":{"rendered":"concert d\u2019 R WAN \u00e0 la Radio Sing Sing"},"content":{"rendered":"<div>\n<p>Dimanche 26 \u00e0 partir de 15h, concert d\u2019 <strong>R WAN<\/strong>, au pied de la radio\u00a0!<br \/> Ecoutez en extrait dans \u00ab\u00a0boitazic\u00a0\u00bb son dernier album \u00ab\u00a0Radio Cortex 2\u00a0\u00bb en cliquant <a href=\"http:\/\/www.sing-sing.org\/boitazic\/ecouter.php?reference=cdp\">ici<\/a>.<\/p>\n<p style=\"text-align: center;\"><img loading=\"lazy\" decoding=\"async\" class=\"aligncenter\" src=\"https:\/\/i0.wp.com\/www.sing-sing.org\/SPIP\/local\/cache-vignettes\/L500xH333\/497013012_f1350d1eb5-35845.jpg?resize=500%2C333\" alt=\"\" width=\"500\" height=\"333\" data-recalc-dims=\"1\" \/><\/p>\n<p><strong>R.WAN, la trentaine, est n\u00e9 en r\u00e9gion parisienne<\/strong>.<br \/> Il a toujours \u00e9crit des textes et se met au chant \u00e0 l\u2019\u00e2ge de 15 ans, dans les deux formations de reggae-ragga\u00a0: Sensi Lion et Mystic Vibes (plus de 200 concerts).<\/p>\n<p><strong>Co-fonde le groupe JAVA en 1998, en tant que chanteur<\/strong>, avec <strong>FIXI<\/strong><br \/> (clavier &#8211; accord\u00e9oniste &#8211; batteur poly instrumentiste).<br \/> Deux albums \u00e0 leur actif chez SONY\u00a0:<br \/> \u00ab\u00a0Hawai\u00a0\u00bb (2000) et \u00ab\u00a0Safari Croisi\u00e8re\u00a0\u00bb (2003).<br \/> Plus de 100.000 albums vendus en France.<br \/> Et pr\u00e8s de 1000 concerts.<\/p>\n<p>(source\u00a0: <a href=\"http:\/\/www.makasound.com\/radiocortex\/\">http:\/\/www.makasound.com\/radiocortex\/<\/a>)<\/p>\n<p>&nbsp;<\/p>\n<p>10 euros ( 5 euros pour la radio et 5 euros pour le concert) gratuit pour les moins de 12 ans.<\/p>\n<p>Places en pr\u00e9vente \u00e0 la presse de Roth\u00e9neuf et chez CULTURA.<\/p>\n<p>Buvette, bonne bouffe avec la nouveaut\u00e9 qui d\u00e9chire, la pizza maison\u00a0!<\/p>\n<p>Le concert a lieu \u00e0 \u00ab\u00a0la secouette\u00a0\u00bb, au pied de la radio.<\/p>\n<p>Pour y parvenir, prendre direction cancale par St COULOMB au rond point du LECLERC (rond point de la Croix Desilles).<br \/> Apr\u00e8s avoir pass\u00e9 le centre \u00e9questre \u00ab\u00a0la cravache\u00a0\u00bb, prendre la premi\u00e8re route \u00e0 gauche ( abri de bus en bois) en face du restaurant \u00a0\u00bb TERRE ET MER\u00a0\u00bb pour trouver les parkings.<\/p>\n<p><small><a href=\"http:\/\/maps.google.fr\/maps?hl=fr&amp;q=la+secouette+st+coulomb+35350&amp;ie=UTF8&amp;ll=48.680761,-1.931877&amp;spn=0.064753,0.120678&amp;z=13&amp;iwloc=addr&amp;source=embed\">Agrandir le plan<\/a><\/small><\/p>\n<\/div>\n","protected":false},"excerpt":{"rendered":"<p>Dimanche 26 \u00e0 partir de 15h, concert d\u2019 R WAN, au pied de la radio\u00a0! Ecoutez en extrait dans \u00ab\u00a0boitazic\u00a0\u00bb son dernier album \u00ab\u00a0Radio Cortex 2\u00a0\u00bb en cliquant ici. R.WAN, la trentaine, est n\u00e9 en r\u00e9gion parisienne. Il a toujours \u00e9crit des textes et se met au chant \u00e0 l\u2019\u00e2ge de 15 ans, dans les [&hellip;]<\/p>\n","protected":false},"author":1,"featured_media":0,"comment_status":"open","ping_status":"open","sticky":false,"template":"","format":"standard","meta":{"jetpack_post_was_ever_published":false,"_jetpack_newsletter_access":"","_jetpack_dont_email_post_to_subs":false,"_jetpack_newsletter_tier_id":0,"_jetpack_memberships_contains_paywalled_content":false,"_jetpack_memberships_contains_paid_content":false,"footnotes":"","jetpack_publicize_message":"","jetpack_publicize_feature_enabled":true,"jetpack_social_post_already_shared":false,"jetpack_social_options":{"image_generator_settings":{"template":"highway","enabled":false},"version":2}},"categories":[3,5],"tags":[],"class_list":["post-339","post","type-post","status-publish","format-standard","hentry","category-concerts_singsing","category-evenement_agenda"],"jetpack_publicize_connections":[],"jetpack_featured_media_url":"","jetpack_sharing_enabled":true,"jetpack_shortlink":"https:\/\/wp.me\/p9002d-5t","jetpack-related-posts":[],"_links":{"self":[{"href":"https:\/\/www.sing-sing-bis.org\/wordpress\/index.php?rest_route=\/wp\/v2\/posts\/339"}],"collection":[{"href":"https:\/\/www.sing-sing-bis.org\/wordpress\/index.php?rest_route=\/wp\/v2\/posts"}],"about":[{"href":"https:\/\/www.sing-sing-bis.org\/wordpress\/index.php?rest_route=\/wp\/v2\/types\/post"}],"author":[{"embeddable":true,"href":"https:\/\/www.sing-sing-bis.org\/wordpress\/index.php?rest_route=\/wp\/v2\/users\/1"}],"replies":[{"embeddable":true,"href":"https:\/\/www.sing-sing-bis.org\/wordpress\/index.php?rest_route=%2Fwp%2Fv2%2Fcomments&post=339"}],"version-history":[{"count":2,"href":"https:\/\/www.sing-sing-bis.org\/wordpress\/index.php?rest_route=\/wp\/v2\/posts\/339\/revisions"}],"predecessor-version":[{"id":633,"href":"https:\/\/www.sing-sing-bis.org\/wordpress\/index.php?rest_route=\/wp\/v2\/posts\/339\/revisions\/633"}],"wp:attachment":[{"href":"https:\/\/www.sing-sing-bis.org\/wordpress\/index.php?rest_route=%2Fwp%2Fv2%2Fmedia&parent=339"}],"wp:term":[{"taxonomy":"category","embeddable":true,"href":"https:\/\/www.sing-sing-bis.org\/wordpress\/index.php?rest_route=%2Fwp%2Fv2%2Fcategories&post=339"},{"taxonomy":"post_tag","embeddable":true,"href":"https:\/\/www.sing-sing-bis.org\/wordpress\/index.php?rest_route=%2Fwp%2Fv2%2Ftags&post=339"}],"curies":[{"name":"wp","href":"https:\/\/api.w.org\/{rel}","templated":true}]}}